{"id":330,"date":"2017-02-27T10:47:16","date_gmt":"2017-02-27T10:47:16","guid":{"rendered":"https:\/\/www.coopval.com\/?p=330"},"modified":"2020-03-18T10:47:30","modified_gmt":"2020-03-18T10:47:30","slug":"coopval-presente-na-feira-medfel","status":"publish","type":"post","link":"https:\/\/www.coopval.com\/en\/coopval-presente-na-feira-medfel\/","title":{"rendered":"Coopval presente na feira MedFEL"},"content":{"rendered":"<p><strong>MedFEL 2017, na sua 9\u00aa edi\u00e7\u00e3o, promete atrair cerca de 120 compradores internacionais<\/strong>.\u00a0Organizado pela Sud de France D\u00e9veloppement e pela regi\u00e3o Occit\u00e2nia \/ Pirin\u00e9us Mediterr\u00e2neo, esta feira ter\u00e1 lugar de\u00a0<strong>25 a 27 de Abril de 2017 no Parque de Exposi\u00e7\u00f5es de Perpignan.<\/strong><\/p>\n<p><strong>MedFEL \u00e9 actualmente o \u00fanico evento internacional de frutas e verduras a realizar-se em Fran\u00e7a.<\/strong>\u00a0Durante 3 dias, Perpignan vai-se tornar a capital agr\u00edcola do Mediterr\u00e2neo. Seu principal objetivo \u00e9 combinar toda a produ\u00e7\u00e3o de Frutas e Verduras de Fran\u00e7a, oferecendo tamb\u00e9m um lugar de apresenta\u00e7\u00e3o da sua produ\u00e7\u00e3o para outros pa\u00edses ao redor do Mediterr\u00e2neo, como Espanha, Portugal e Marrocos.<\/p>\n<p><strong>MedFEL pretende refor\u00e7ar o seu papel fundamental no desenvolvimento de neg\u00f3cios de frutas e legumes na arena internacional<\/strong>. Para isso agendou um conjunto de reuni\u00f5es B2B.\u00a0Em 2017, a organiza\u00e7\u00e3o da feira pretende redobrar seus esfor\u00e7os para recrutar compradores internacionais, visando um contingente de 120 compradores de todo o mundo.<\/p>\n<p>Por estas raz\u00f5es, a\u00a0<strong>Coopval estar\u00e1 novamente presente<\/strong>\u00a0para agendar reuni\u00f5es com alguns dos potenciais clientes nesta \u00e1rea econ\u00f3mica, rever e falar com os clientes actuais, bem como procurar produtos interessantes para trabalhar no mercado interno.<\/p>","protected":false},"excerpt":{"rendered":"<p>MedFEL 2017, na sua 9\u00aa edi\u00e7\u00e3o, promete atrair cerca de 120 compradores internacionais.\u00a0Organizado pela Sud de France D\u00e9veloppement e pela regi\u00e3o Occit\u00e2nia \/ Pirin\u00e9us Mediterr\u00e2neo, esta feira ter\u00e1 lugar de\u00a025 a 27 de Abril de 2017 no Parque de Exposi\u00e7\u00f5es de Perpignan. MedFEL \u00e9 actualmente o \u00fanico evento internacional de frutas e verduras a realizar-se &hellip;<\/p>\n<p class=\"read-more\"> <a class=\"\" href=\"https:\/\/www.coopval.com\/en\/coopval-presente-na-feira-medfel\/\"> <span class=\"screen-reader-text\">Coopval presente na feira MedFEL<\/span> Read More &raquo;<\/a><\/p>","protected":false},"author":1,"featured_media":331,"comment_status":"closed","ping_status":"closed","sticky":false,"template":"","format":"standard","meta":{"footnotes":""},"categories":[1],"tags":[],"class_list":["post-330","post","type-post","status-publish","format-standard","has-post-thumbnail","hentry","category-noticias"],"yoast_head":"<!-- This site is optimized with the Yoast SEO plugin v19.5.1 - https:\/\/yoast.com\/wordpress\/plugins\/seo\/ -->\n<title>Coopval presente na feira MedFEL - Coopval<\/title>\n<meta name=\"description\" content=\"Pera rocha o melhor da nossa terra, uma riqueza de Portugal\" \/>\n<meta name=\"robots\" content=\"index, follow, max-snippet:-1, max-image-preview:large, max-video-preview:-1\" \/>\n<link rel=\"canonical\" href=\"https:\/\/www.coopval.com\/en\/coopval-presente-na-feira-medfel\/\" \/>\n<meta property=\"og:locale\" content=\"en_GB\" \/>\n<meta property=\"og:type\" content=\"article\" \/>\n<meta property=\"og:title\" content=\"Coopval presente na feira MedFEL - Coopval\" \/>\n<meta property=\"og:description\" content=\"Pera rocha o melhor da nossa terra, uma riqueza de Portugal\" \/>\n<meta property=\"og:url\" content=\"https:\/\/www.coopval.com\/en\/coopval-presente-na-feira-medfel\/\" \/>\n<meta property=\"og:site_name\" content=\"Coopval\" \/>\n<meta property=\"article:publisher\" content=\"https:\/\/www.facebook.com\/coopval\/\" \/>\n<meta property=\"article:published_time\" content=\"2017-02-27T10:47:16+00:00\" \/>\n<meta property=\"article:modified_time\" content=\"2020-03-18T10:47:30+00:00\" \/>\n<meta property=\"og:image\" content=\"https:\/\/www.coopval.com\/wp-content\/uploads\/2020\/03\/medfel.jpg\" \/>\n\t<meta property=\"og:image:width\" content=\"1200\" \/>\n\t<meta property=\"og:image:height\" content=\"633\" \/>\n\t<meta property=\"og:image:type\" content=\"image\/jpeg\" \/>\n<meta name=\"author\" content=\"wsuporte\" \/>\n<meta name=\"twitter:card\" content=\"summary_large_image\" \/>\n<meta name=\"twitter:label1\" content=\"Written by\" \/>\n\t<meta name=\"twitter:data1\" content=\"wsuporte\" \/>\n\t<meta name=\"twitter:label2\" content=\"Estimated reading time\" \/>\n\t<meta name=\"twitter:data2\" content=\"1 minute\" \/>\n<script type=\"application\/ld+json\" class=\"yoast-schema-graph\">{\"@context\":\"https:\/\/schema.org\",\"@graph\":[{\"@type\":\"Article\",\"@id\":\"https:\/\/www.coopval.com\/coopval-presente-na-feira-medfel\/#article\",\"isPartOf\":{\"@id\":\"https:\/\/www.coopval.com\/coopval-presente-na-feira-medfel\/\"},\"author\":{\"name\":\"wsuporte\",\"@id\":\"https:\/\/www.coopval.com\/#\/schema\/person\/c92a41643d2dcc5d36df90a39e2f085e\"},\"headline\":\"Coopval presente na feira MedFEL\",\"datePublished\":\"2017-02-27T10:47:16+00:00\",\"dateModified\":\"2020-03-18T10:47:30+00:00\",\"mainEntityOfPage\":{\"@id\":\"https:\/\/www.coopval.com\/coopval-presente-na-feira-medfel\/\"},\"wordCount\":210,\"publisher\":{\"@id\":\"https:\/\/www.coopval.com\/#organization\"},\"articleSection\":[\"Not\u00edcias\"],\"inLanguage\":\"en-GB\"},{\"@type\":\"WebPage\",\"@id\":\"https:\/\/www.coopval.com\/coopval-presente-na-feira-medfel\/\",\"url\":\"https:\/\/www.coopval.com\/coopval-presente-na-feira-medfel\/\",\"name\":\"Coopval presente na feira MedFEL - Coopval\",\"isPartOf\":{\"@id\":\"https:\/\/www.coopval.com\/#website\"},\"datePublished\":\"2017-02-27T10:47:16+00:00\",\"dateModified\":\"2020-03-18T10:47:30+00:00\",\"description\":\"Pera rocha o melhor da nossa terra, uma riqueza de Portugal\",\"breadcrumb\":{\"@id\":\"https:\/\/www.coopval.com\/coopval-presente-na-feira-medfel\/#breadcrumb\"},\"inLanguage\":\"en-GB\",\"potentialAction\":[{\"@type\":\"ReadAction\",\"target\":[\"https:\/\/www.coopval.com\/coopval-presente-na-feira-medfel\/\"]}]},{\"@type\":\"BreadcrumbList\",\"@id\":\"https:\/\/www.coopval.com\/coopval-presente-na-feira-medfel\/#breadcrumb\",\"itemListElement\":[{\"@type\":\"ListItem\",\"position\":1,\"name\":\"In\u00edcio\",\"item\":\"https:\/\/www.coopval.com\/\"},{\"@type\":\"ListItem\",\"position\":2,\"name\":\"Coopval presente na feira MedFEL\"}]},{\"@type\":\"WebSite\",\"@id\":\"https:\/\/www.coopval.com\/#website\",\"url\":\"https:\/\/www.coopval.com\/\",\"name\":\"Coopval\",\"description\":\"Coopval\",\"publisher\":{\"@id\":\"https:\/\/www.coopval.com\/#organization\"},\"potentialAction\":[{\"@type\":\"SearchAction\",\"target\":{\"@type\":\"EntryPoint\",\"urlTemplate\":\"https:\/\/www.coopval.com\/?s={search_term_string}\"},\"query-input\":\"required name=search_term_string\"}],\"inLanguage\":\"en-GB\"},{\"@type\":\"Organization\",\"@id\":\"https:\/\/www.coopval.com\/#organization\",\"name\":\"Coopval\",\"url\":\"https:\/\/www.coopval.com\/\",\"sameAs\":[\"https:\/\/www.facebook.com\/coopval\/\"],\"logo\":{\"@type\":\"ImageObject\",\"inLanguage\":\"en-GB\",\"@id\":\"https:\/\/www.coopval.com\/#\/schema\/logo\/image\/\",\"url\":\"https:\/\/www.coopval.com\/wp-content\/uploads\/2021\/10\/LogoPrincipalCor.png\",\"contentUrl\":\"https:\/\/www.coopval.com\/wp-content\/uploads\/2021\/10\/LogoPrincipalCor.png\",\"width\":2639,\"height\":2215,\"caption\":\"Coopval\"},\"image\":{\"@id\":\"https:\/\/www.coopval.com\/#\/schema\/logo\/image\/\"}},{\"@type\":\"Person\",\"@id\":\"https:\/\/www.coopval.com\/#\/schema\/person\/c92a41643d2dcc5d36df90a39e2f085e\",\"name\":\"wsuporte\",\"url\":\"https:\/\/www.coopval.com\/en\/author\/wsuporte\/\"}]}<\/script>\n<!-- \/ Yoast SEO plugin. -->","yoast_head_json":{"title":"Coopval presente na feira MedFEL - Coopval","description":"Pera rocha o melhor da nossa terra, uma riqueza de Portugal","robots":{"index":"index","follow":"follow","max-snippet":"max-snippet:-1","max-image-preview":"max-image-preview:large","max-video-preview":"max-video-preview:-1"},"canonical":"https:\/\/www.coopval.com\/en\/coopval-presente-na-feira-medfel\/","og_locale":"en_GB","og_type":"article","og_title":"Coopval presente na feira MedFEL - Coopval","og_description":"Pera rocha o melhor da nossa terra, uma riqueza de Portugal","og_url":"https:\/\/www.coopval.com\/en\/coopval-presente-na-feira-medfel\/","og_site_name":"Coopval","article_publisher":"https:\/\/www.facebook.com\/coopval\/","article_published_time":"2017-02-27T10:47:16+00:00","article_modified_time":"2020-03-18T10:47:30+00:00","og_image":[{"width":1200,"height":633,"url":"https:\/\/www.coopval.com\/wp-content\/uploads\/2020\/03\/medfel.jpg","type":"image\/jpeg"}],"author":"wsuporte","twitter_card":"summary_large_image","twitter_misc":{"Written by":"wsuporte","Estimated reading time":"1 minute"},"schema":{"@context":"https:\/\/schema.org","@graph":[{"@type":"Article","@id":"https:\/\/www.coopval.com\/coopval-presente-na-feira-medfel\/#article","isPartOf":{"@id":"https:\/\/www.coopval.com\/coopval-presente-na-feira-medfel\/"},"author":{"name":"wsuporte","@id":"https:\/\/www.coopval.com\/#\/schema\/person\/c92a41643d2dcc5d36df90a39e2f085e"},"headline":"Coopval presente na feira MedFEL","datePublished":"2017-02-27T10:47:16+00:00","dateModified":"2020-03-18T10:47:30+00:00","mainEntityOfPage":{"@id":"https:\/\/www.coopval.com\/coopval-presente-na-feira-medfel\/"},"wordCount":210,"publisher":{"@id":"https:\/\/www.coopval.com\/#organization"},"articleSection":["Not\u00edcias"],"inLanguage":"en-GB"},{"@type":"WebPage","@id":"https:\/\/www.coopval.com\/coopval-presente-na-feira-medfel\/","url":"https:\/\/www.coopval.com\/coopval-presente-na-feira-medfel\/","name":"Coopval presente na feira MedFEL - Coopval","isPartOf":{"@id":"https:\/\/www.coopval.com\/#website"},"datePublished":"2017-02-27T10:47:16+00:00","dateModified":"2020-03-18T10:47:30+00:00","description":"Pera rocha o melhor da nossa terra, uma riqueza de Portugal","breadcrumb":{"@id":"https:\/\/www.coopval.com\/coopval-presente-na-feira-medfel\/#breadcrumb"},"inLanguage":"en-GB","potentialAction":[{"@type":"ReadAction","target":["https:\/\/www.coopval.com\/coopval-presente-na-feira-medfel\/"]}]},{"@type":"BreadcrumbList","@id":"https:\/\/www.coopval.com\/coopval-presente-na-feira-medfel\/#breadcrumb","itemListElement":[{"@type":"ListItem","position":1,"name":"In\u00edcio","item":"https:\/\/www.coopval.com\/"},{"@type":"ListItem","position":2,"name":"Coopval presente na feira MedFEL"}]},{"@type":"WebSite","@id":"https:\/\/www.coopval.com\/#website","url":"https:\/\/www.coopval.com\/","name":"Coopval","description":"Coopval","publisher":{"@id":"https:\/\/www.coopval.com\/#organization"},"potentialAction":[{"@type":"SearchAction","target":{"@type":"EntryPoint","urlTemplate":"https:\/\/www.coopval.com\/?s={search_term_string}"},"query-input":"required name=search_term_string"}],"inLanguage":"en-GB"},{"@type":"Organization","@id":"https:\/\/www.coopval.com\/#organization","name":"Coopval","url":"https:\/\/www.coopval.com\/","sameAs":["https:\/\/www.facebook.com\/coopval\/"],"logo":{"@type":"ImageObject","inLanguage":"en-GB","@id":"https:\/\/www.coopval.com\/#\/schema\/logo\/image\/","url":"https:\/\/www.coopval.com\/wp-content\/uploads\/2021\/10\/LogoPrincipalCor.png","contentUrl":"https:\/\/www.coopval.com\/wp-content\/uploads\/2021\/10\/LogoPrincipalCor.png","width":2639,"height":2215,"caption":"Coopval"},"image":{"@id":"https:\/\/www.coopval.com\/#\/schema\/logo\/image\/"}},{"@type":"Person","@id":"https:\/\/www.coopval.com\/#\/schema\/person\/c92a41643d2dcc5d36df90a39e2f085e","name":"wsuporte","url":"https:\/\/www.coopval.com\/en\/author\/wsuporte\/"}]}},"_links":{"self":[{"href":"https:\/\/www.coopval.com\/en\/wp-json\/wp\/v2\/posts\/330","targetHints":{"allow":["GET"]}}],"collection":[{"href":"https:\/\/www.coopval.com\/en\/wp-json\/wp\/v2\/posts"}],"about":[{"href":"https:\/\/www.coopval.com\/en\/wp-json\/wp\/v2\/types\/post"}],"author":[{"embeddable":true,"href":"https:\/\/www.coopval.com\/en\/wp-json\/wp\/v2\/users\/1"}],"replies":[{"embeddable":true,"href":"https:\/\/www.coopval.com\/en\/wp-json\/wp\/v2\/comments?post=330"}],"version-history":[{"count":1,"href":"https:\/\/www.coopval.com\/en\/wp-json\/wp\/v2\/posts\/330\/revisions"}],"predecessor-version":[{"id":332,"href":"https:\/\/www.coopval.com\/en\/wp-json\/wp\/v2\/posts\/330\/revisions\/332"}],"wp:featuredmedia":[{"embeddable":true,"href":"https:\/\/www.coopval.com\/en\/wp-json\/wp\/v2\/media\/331"}],"wp:attachment":[{"href":"https:\/\/www.coopval.com\/en\/wp-json\/wp\/v2\/media?parent=330"}],"wp:term":[{"taxonomy":"category","embeddable":true,"href":"https:\/\/www.coopval.com\/en\/wp-json\/wp\/v2\/categories?post=330"},{"taxonomy":"post_tag","embeddable":true,"href":"https:\/\/www.coopval.com\/en\/wp-json\/wp\/v2\/tags?post=330"}],"curies":[{"name":"wp","href":"https:\/\/api.w.org\/{rel}","templated":true}]}}